{"id":2916,"date":"2022-08-19T21:34:37","date_gmt":"2022-08-19T19:34:37","guid":{"rendered":"http:\/\/www.kpsrd.si\/?p=2916"},"modified":"2022-08-19T21:34:38","modified_gmt":"2022-08-19T19:34:38","slug":"vabilo-na-inkluzijski-pohod-na-jance","status":"publish","type":"post","link":"https:\/\/www.kpsrd.si\/?p=2916","title":{"rendered":"Vabilo na inkluzijski pohod na Jan\u010de"},"content":{"rendered":"\n<p>Spo\u0161tovani!<\/p>\n\n\n\n<p>Po 40-ih letih, ko se je na Jan\u010dah zbralo ve\u010d kot 200 slepih in slabovidnih ter njihovih spremljevalcev, vas Kulturno-prosvetno in \u0161portno rekreativno dru\u0161tvo slepih in slabovidnih \u00bbKarel Jeraj\u00ab vabi na inkluzijski pohod na Jan\u010de.<\/p>\n\n\n\n<p>Na\u0161 dogodek bomo izvedli v nedeljo, 11.\u00a0septembra. 2022 ob 9.\u00a0uri iz izhodi\u0161\u010dne to\u010dke na \u017eelezni\u0161ki postaji v Jevnici.<\/p>\n\n\n\n<p>Pohod bomo organizirali ob 65\u2011letnici delovanja na\u0161ega dru\u0161tva in ob 60\u2011letnici prvega organiziranega vzpona slepih in slabovidnih na Triglav.<\/p>\n\n\n\n<p>Na Jan\u010dah bomo pripravili kratek kulturni program, po kosilu pa bo poskrbljeno za dru\u017eabni del s plesom in glasbo za katero bo poskrbel duo SIMI.<\/p>\n\n\n\n<p>Na voljo bosta dve poti, saj gredo z nami tudi invalidi na vozi\u010dkih, kar pomeni, da bo na voljo tudi la\u017eja pot primerna za tiste, ki ste manj pripravljeni oziroma z malo manj kondicije.<\/p>\n\n\n\n<ol class=\"wp-block-list\"><li>Skupina iz Jevnice ob 9. uri<br>Na \u017eelezni\u0161ki postaji v Jevnici po planinski poti.<\/li><li>Skupina iz Zgornje Jevnice 9.15\u00a0uri<br>Pot za\u010dnemo pod kmetijo v Zgornji Jevnici\u00a012, kjer se pri\u010dne makadamska cesta v kri\u017ei\u0161\u010du Jan\u010de, Jevnica.<\/li><\/ol>\n\n\n\n<p>Organiziran bo avtobusni prevoz iz Ljubljane in iz Dom\u017eal.<\/p>\n\n\n\n<p><strong>Ljubljana:<\/strong><\/p>\n\n\n\n<ul class=\"wp-block-list\"><li>8.00\u00a0Na postajali\u0161\u010du LPP Kolodvor \u2013 smer iz centra<\/li><li>8.10\u00a0Na postajali\u0161\u010du LPP Kolosej<\/li><\/ul>\n\n\n\n<p><strong>Dom\u017eale:<\/strong><\/p>\n\n\n\n<ul class=\"wp-block-list\"><li>8.20\u00a0Na glavni avtobusni postaji<\/li><\/ul>\n\n\n\n<p>Odhod iz Jan\u010d je prvi avtobus predviden za 15.30, drugi pa za 17.00\u00a0uro.<\/p>\n\n\n\n<p>Za prehrano bo mo\u017eno naro\u010diti: pasulj, ri\u010det ali joto \u00bbs klobaso ali brez klobase\u00ab<\/p>\n\n\n\n<p>Prijave zbiramo do petka 2.\u00a0septembra na \u0161t. 051\u00a0\/\u00a0318\u00a0296 \u00bbSa\u0161o Dreven\u00ab ali na e\u2011naslovu <a href=\"mailto:info@kpsrd.si\">info@kpsrd.si<\/a>. Dodatne informacije pa lahko dobite na telefonski \u0161tevilki 041\u00a0\/\u00a0449\u00a0442.<\/p>\n\n\n\n<p>Ker je \u0161tevilo mest omejeno, pohitite s prijavo.<\/p>\n\n\n\n<p>Zaradi la\u017eje organizacije, nam ob prijavi prosimo navedite:<\/p>\n\n\n\n<ul class=\"wp-block-list\"><li>ali potrebujete spremljevalca (ki ga bomo sku\u0161ali najti),<\/li><li>kaj boste jedli,<\/li><li>ali potrebujete prevoz in<\/li><li>kje boste vstopili na avtobus.<\/li><\/ul>\n\n\n\n<p>Prijaviti se je potrebno tudi, \u010de pridete z lastnim prevozom oziroma z vlakom do Jevnice.<\/p>\n\n\n\n<p>Zbirali bomo prostovoljne prispevke.<\/p>\n\n\n\n<p>V upanju, da se sre\u010damo, vas lepo pozdravljamo!<\/p>\n\n\n\n<p>Predsednik dru\u0161tva: Miha Jakopin<\/p>\n","protected":false},"excerpt":{"rendered":"<p>Spo\u0161tovani! Po 40-ih letih, ko se je na Jan\u010dah zbralo ve\u010d kot 200 slepih in slabovidnih ter njihovih spremljevalcev, vas Kulturno-prosvetno in \u0161portno rekreativno dru\u0161tvo slepih in slabovidnih \u00bbKarel Jeraj\u00ab vabi na inkluzijski pohod na Jan\u010de. Na\u0161 dogodek bomo izvedli v nedeljo, 11.\u00a0septembra. 2022 ob 9.\u00a0uri iz izhodi\u0161\u010dne to\u010dke na \u017eelezni\u0161ki postaji v Jevnici. Pohod&hellip; <a class=\"read-more\" href=\"https:\/\/www.kpsrd.si\/?p=2916\">Read More<\/a><\/p>\n","protected":false},"author":1,"featured_media":0,"comment_status":"closed","ping_status":"closed","sticky":false,"template":"","format":"standard","meta":{"_jetpack_memberships_contains_paid_content":false,"footnotes":""},"categories":[3],"tags":[],"class_list":["post-2916","post","type-post","status-publish","format-standard","hentry","category-novice"],"jetpack_sharing_enabled":true,"jetpack_featured_media_url":"","_links":{"self":[{"href":"https:\/\/www.kpsrd.si\/index.php?rest_route=\/wp\/v2\/posts\/2916","targetHints":{"allow":["GET"]}}],"collection":[{"href":"https:\/\/www.kpsrd.si\/index.php?rest_route=\/wp\/v2\/posts"}],"about":[{"href":"https:\/\/www.kpsrd.si\/index.php?rest_route=\/wp\/v2\/types\/post"}],"author":[{"embeddable":true,"href":"https:\/\/www.kpsrd.si\/index.php?rest_route=\/wp\/v2\/users\/1"}],"replies":[{"embeddable":true,"href":"https:\/\/www.kpsrd.si\/index.php?rest_route=%2Fwp%2Fv2%2Fcomments&post=2916"}],"version-history":[{"count":1,"href":"https:\/\/www.kpsrd.si\/index.php?rest_route=\/wp\/v2\/posts\/2916\/revisions"}],"predecessor-version":[{"id":2917,"href":"https:\/\/www.kpsrd.si\/index.php?rest_route=\/wp\/v2\/posts\/2916\/revisions\/2917"}],"wp:attachment":[{"href":"https:\/\/www.kpsrd.si\/index.php?rest_route=%2Fwp%2Fv2%2Fmedia&parent=2916"}],"wp:term":[{"taxonomy":"category","embeddable":true,"href":"https:\/\/www.kpsrd.si\/index.php?rest_route=%2Fwp%2Fv2%2Fcategories&post=2916"},{"taxonomy":"post_tag","embeddable":true,"href":"https:\/\/www.kpsrd.si\/index.php?rest_route=%2Fwp%2Fv2%2Ftags&post=2916"}],"curies":[{"name":"wp","href":"https:\/\/api.w.org\/{rel}","templated":true}]}}